{"id":957,"date":"2022-05-27T08:20:08","date_gmt":"2022-05-27T06:20:08","guid":{"rendered":"http:\/\/iconcept-f.fr\/?p=957"},"modified":"2022-05-27T08:25:44","modified_gmt":"2022-05-27T06:25:44","slug":"sauveteur-secouriste-du-travail-un-dispositif-cle-au-sein-des-entreprises","status":"publish","type":"post","link":"https:\/\/iconcept-f.fr\/index.php\/2022\/05\/27\/sauveteur-secouriste-du-travail-un-dispositif-cle-au-sein-des-entreprises\/","title":{"rendered":"Sauveteur Secouriste du Travail : un dispositif cl\u00e9 au sein des entreprises"},"content":{"rendered":"\n<p>Cet article t\u00e9moigne de la place incontournable de la <strong>formation<\/strong> comme <strong>levier <\/strong>essentiel d&rsquo;information et de diffusion des bonnes pratiques de <strong>pr\u00e9vention<\/strong> en terme d<strong>&lsquo;hygi\u00e8ne<\/strong> et de <strong>s\u00e9curit\u00e9<\/strong> au coeur de toutes entreprises. <strong>L&rsquo;INRS<\/strong> et l&rsquo;<strong>assurance maladie<\/strong> sont les principaux <strong>acteurs<\/strong> de cette d\u00e9marche pour <strong>diminuer les risques professionnels <\/strong>en mobilisant la formation continue des salari\u00e9s comme vecteur de d\u00e9veloppement de nouvelles comp\u00e9tences par la <strong>formation SST<\/strong>.<\/p>\n\n\n\n<p><a href=\"https:\/\/www.inrs.fr\/media.html?refINRS=DO%2036\" target=\"_blank\" rel=\"noreferrer noopener\">https:\/\/www.inrs.fr\/media.html?refINRS=DO%2036<\/a><\/p>\n","protected":false},"excerpt":{"rendered":"<p>Cet article t\u00e9moigne de la place incontournable de la formation comme levier essentiel d&rsquo;information et de diffusion des bonnes pratiques de pr\u00e9vention en terme d&lsquo;hygi\u00e8ne et de s\u00e9curit\u00e9 au coeur de toutes entreprises. L&rsquo;INRS et l&rsquo;assurance maladie sont les principaux acteurs de cette d\u00e9marche pour diminuer les risques professionnels en mobilisant la formation continue des [&hellip;]<\/p>\n","protected":false},"author":1,"featured_media":649,"comment_status":"open","ping_status":"open","sticky":false,"template":"","format":"standard","meta":{"content-type":"","footnotes":""},"categories":[2],"tags":[],"class_list":["post-957","post","type-post","status-publish","format-standard","has-post-thumbnail","hentry","category-news"],"yoast_head":"<!-- This site is optimized with the Yoast SEO plugin v24.5 - https:\/\/yoast.com\/wordpress\/plugins\/seo\/ -->\n<title>Sauveteur Secouriste du Travail : un dispositif cl\u00e9 au sein des entreprises - IConcept Formation<\/title>\n<meta name=\"description\" content=\"Sauveteur Secouriste du Travail \/ SST : dispositif cl\u00e9 au sein des entreprises. INRS et assurance maladie : acteurs principaux au d\u00e9veloppement professionnel des salari\u00e9s par la formation continue.\" \/>\n<meta name=\"robots\" content=\"index, follow, max-snippet:-1, max-image-preview:large, max-video-preview:-1\" \/>\n<link rel=\"canonical\" href=\"https:\/\/iconcept-f.fr\/index.php\/2022\/05\/27\/sauveteur-secouriste-du-travail-un-dispositif-cle-au-sein-des-entreprises\/\" \/>\n<meta property=\"og:locale\" content=\"fr_FR\" \/>\n<meta property=\"og:type\" content=\"article\" \/>\n<meta property=\"og:title\" content=\"Sauveteur Secouriste du Travail : un dispositif cl\u00e9 au sein des entreprises - IConcept Formation\" \/>\n<meta property=\"og:description\" content=\"Sauveteur Secouriste du Travail \/ SST : dispositif cl\u00e9 au sein des entreprises. INRS et assurance maladie : acteurs principaux au d\u00e9veloppement professionnel des salari\u00e9s par la formation continue.\" \/>\n<meta property=\"og:url\" content=\"https:\/\/iconcept-f.fr\/index.php\/2022\/05\/27\/sauveteur-secouriste-du-travail-un-dispositif-cle-au-sein-des-entreprises\/\" \/>\n<meta property=\"og:site_name\" content=\"IConcept Formation\" \/>\n<meta property=\"article:publisher\" content=\"https:\/\/www.facebook.com\/IConceptF\" \/>\n<meta property=\"article:published_time\" content=\"2022-05-27T06:20:08+00:00\" \/>\n<meta property=\"article:modified_time\" content=\"2022-05-27T06:25:44+00:00\" \/>\n<meta property=\"og:image\" content=\"https:\/\/iconcept-f.fr\/wp-content\/uploads\/2022\/02\/cpr-first-aid-training-concept-2021-08-27-00-01-47-utc-scaled.jpeg\" \/>\n\t<meta property=\"og:image:width\" content=\"2560\" \/>\n\t<meta property=\"og:image:height\" content=\"1858\" \/>\n\t<meta property=\"og:image:type\" content=\"image\/jpeg\" \/>\n<meta name=\"author\" content=\"admin3915\" \/>\n<meta name=\"twitter:card\" content=\"summary_large_image\" \/>\n<meta name=\"twitter:label1\" content=\"\u00c9crit par\" \/>\n\t<meta name=\"twitter:data1\" content=\"admin3915\" \/>\n\t<meta name=\"twitter:label2\" content=\"Dur\u00e9e de lecture estim\u00e9e\" \/>\n\t<meta name=\"twitter:data2\" content=\"1 minute\" \/>\n<script type=\"application\/ld+json\" class=\"yoast-schema-graph\">{\"@context\":\"https:\/\/schema.org\",\"@graph\":[{\"@type\":\"Article\",\"@id\":\"https:\/\/iconcept-f.fr\/index.php\/2022\/05\/27\/sauveteur-secouriste-du-travail-un-dispositif-cle-au-sein-des-entreprises\/#article\",\"isPartOf\":{\"@id\":\"https:\/\/iconcept-f.fr\/index.php\/2022\/05\/27\/sauveteur-secouriste-du-travail-un-dispositif-cle-au-sein-des-entreprises\/\"},\"author\":{\"name\":\"admin3915\",\"@id\":\"https:\/\/iconcept-f.fr\/#\/schema\/person\/33e9f4e4a0a4deb792a02724131e5e5e\"},\"headline\":\"Sauveteur Secouriste du Travail : un dispositif cl\u00e9 au sein des entreprises\",\"datePublished\":\"2022-05-27T06:20:08+00:00\",\"dateModified\":\"2022-05-27T06:25:44+00:00\",\"mainEntityOfPage\":{\"@id\":\"https:\/\/iconcept-f.fr\/index.php\/2022\/05\/27\/sauveteur-secouriste-du-travail-un-dispositif-cle-au-sein-des-entreprises\/\"},\"wordCount\":94,\"commentCount\":0,\"publisher\":{\"@id\":\"https:\/\/iconcept-f.fr\/#organization\"},\"image\":{\"@id\":\"https:\/\/iconcept-f.fr\/index.php\/2022\/05\/27\/sauveteur-secouriste-du-travail-un-dispositif-cle-au-sein-des-entreprises\/#primaryimage\"},\"thumbnailUrl\":\"https:\/\/iconcept-f.fr\/wp-content\/uploads\/2022\/02\/cpr-first-aid-training-concept-2021-08-27-00-01-47-utc-scaled.jpeg\",\"articleSection\":[\"News\"],\"inLanguage\":\"fr-FR\",\"potentialAction\":[{\"@type\":\"CommentAction\",\"name\":\"Comment\",\"target\":[\"https:\/\/iconcept-f.fr\/index.php\/2022\/05\/27\/sauveteur-secouriste-du-travail-un-dispositif-cle-au-sein-des-entreprises\/#respond\"]}]},{\"@type\":\"WebPage\",\"@id\":\"https:\/\/iconcept-f.fr\/index.php\/2022\/05\/27\/sauveteur-secouriste-du-travail-un-dispositif-cle-au-sein-des-entreprises\/\",\"url\":\"https:\/\/iconcept-f.fr\/index.php\/2022\/05\/27\/sauveteur-secouriste-du-travail-un-dispositif-cle-au-sein-des-entreprises\/\",\"name\":\"Sauveteur Secouriste du Travail : un dispositif cl\u00e9 au sein des entreprises - IConcept Formation\",\"isPartOf\":{\"@id\":\"https:\/\/iconcept-f.fr\/#website\"},\"primaryImageOfPage\":{\"@id\":\"https:\/\/iconcept-f.fr\/index.php\/2022\/05\/27\/sauveteur-secouriste-du-travail-un-dispositif-cle-au-sein-des-entreprises\/#primaryimage\"},\"image\":{\"@id\":\"https:\/\/iconcept-f.fr\/index.php\/2022\/05\/27\/sauveteur-secouriste-du-travail-un-dispositif-cle-au-sein-des-entreprises\/#primaryimage\"},\"thumbnailUrl\":\"https:\/\/iconcept-f.fr\/wp-content\/uploads\/2022\/02\/cpr-first-aid-training-concept-2021-08-27-00-01-47-utc-scaled.jpeg\",\"datePublished\":\"2022-05-27T06:20:08+00:00\",\"dateModified\":\"2022-05-27T06:25:44+00:00\",\"description\":\"Sauveteur Secouriste du Travail \/ SST : dispositif cl\u00e9 au sein des entreprises. INRS et assurance maladie : acteurs principaux au d\u00e9veloppement professionnel des salari\u00e9s par la formation continue.\",\"breadcrumb\":{\"@id\":\"https:\/\/iconcept-f.fr\/index.php\/2022\/05\/27\/sauveteur-secouriste-du-travail-un-dispositif-cle-au-sein-des-entreprises\/#breadcrumb\"},\"inLanguage\":\"fr-FR\",\"potentialAction\":[{\"@type\":\"ReadAction\",\"target\":[\"https:\/\/iconcept-f.fr\/index.php\/2022\/05\/27\/sauveteur-secouriste-du-travail-un-dispositif-cle-au-sein-des-entreprises\/\"]}]},{\"@type\":\"ImageObject\",\"inLanguage\":\"fr-FR\",\"@id\":\"https:\/\/iconcept-f.fr\/index.php\/2022\/05\/27\/sauveteur-secouriste-du-travail-un-dispositif-cle-au-sein-des-entreprises\/#primaryimage\",\"url\":\"https:\/\/iconcept-f.fr\/wp-content\/uploads\/2022\/02\/cpr-first-aid-training-concept-2021-08-27-00-01-47-utc-scaled.jpeg\",\"contentUrl\":\"https:\/\/iconcept-f.fr\/wp-content\/uploads\/2022\/02\/cpr-first-aid-training-concept-2021-08-27-00-01-47-utc-scaled.jpeg\",\"width\":2560,\"height\":1858,\"caption\":\"CPR First Aid Training Concept\"},{\"@type\":\"BreadcrumbList\",\"@id\":\"https:\/\/iconcept-f.fr\/index.php\/2022\/05\/27\/sauveteur-secouriste-du-travail-un-dispositif-cle-au-sein-des-entreprises\/#breadcrumb\",\"itemListElement\":[{\"@type\":\"ListItem\",\"position\":1,\"name\":\"Accueil\",\"item\":\"https:\/\/iconcept-f.fr\/\"},{\"@type\":\"ListItem\",\"position\":2,\"name\":\"Sauveteur Secouriste du Travail : un dispositif cl\u00e9 au sein des entreprises\"}]},{\"@type\":\"WebSite\",\"@id\":\"https:\/\/iconcept-f.fr\/#website\",\"url\":\"https:\/\/iconcept-f.fr\/\",\"name\":\"IConcept Formation\",\"description\":\"Expertise et formation\",\"publisher\":{\"@id\":\"https:\/\/iconcept-f.fr\/#organization\"},\"potentialAction\":[{\"@type\":\"SearchAction\",\"target\":{\"@type\":\"EntryPoint\",\"urlTemplate\":\"https:\/\/iconcept-f.fr\/?s={search_term_string}\"},\"query-input\":{\"@type\":\"PropertyValueSpecification\",\"valueRequired\":true,\"valueName\":\"search_term_string\"}}],\"inLanguage\":\"fr-FR\"},{\"@type\":\"Organization\",\"@id\":\"https:\/\/iconcept-f.fr\/#organization\",\"name\":\"Ing\u00e9ni\u00e9rie Concept Formation\",\"url\":\"https:\/\/iconcept-f.fr\/\",\"logo\":{\"@type\":\"ImageObject\",\"inLanguage\":\"fr-FR\",\"@id\":\"https:\/\/iconcept-f.fr\/#\/schema\/logo\/image\/\",\"url\":\"http:\/\/iconcept-f.fr\/wp-content\/uploads\/2022\/02\/logo-print-hdwithout-text.jpg\",\"contentUrl\":\"http:\/\/iconcept-f.fr\/wp-content\/uploads\/2022\/02\/logo-print-hdwithout-text.jpg\",\"width\":1320,\"height\":1300,\"caption\":\"Ing\u00e9ni\u00e9rie Concept Formation\"},\"image\":{\"@id\":\"https:\/\/iconcept-f.fr\/#\/schema\/logo\/image\/\"},\"sameAs\":[\"https:\/\/www.facebook.com\/IConceptF\"]},{\"@type\":\"Person\",\"@id\":\"https:\/\/iconcept-f.fr\/#\/schema\/person\/33e9f4e4a0a4deb792a02724131e5e5e\",\"name\":\"admin3915\",\"image\":{\"@type\":\"ImageObject\",\"inLanguage\":\"fr-FR\",\"@id\":\"https:\/\/iconcept-f.fr\/#\/schema\/person\/image\/\",\"url\":\"https:\/\/secure.gravatar.com\/avatar\/1971bbf4e8f753884156c1ae425c275bf1d87c39a40bef4c536937c60b92a53d?s=96&d=mm&r=g\",\"contentUrl\":\"https:\/\/secure.gravatar.com\/avatar\/1971bbf4e8f753884156c1ae425c275bf1d87c39a40bef4c536937c60b92a53d?s=96&d=mm&r=g\",\"caption\":\"admin3915\"},\"sameAs\":[\"http:\/\/iconcept-f.fr\"],\"url\":\"https:\/\/iconcept-f.fr\/index.php\/author\/admin3915\/\"}]}<\/script>\n<!-- \/ Yoast SEO plugin. -->","yoast_head_json":{"title":"Sauveteur Secouriste du Travail : un dispositif cl\u00e9 au sein des entreprises - IConcept Formation","description":"Sauveteur Secouriste du Travail \/ SST : dispositif cl\u00e9 au sein des entreprises. INRS et assurance maladie : acteurs principaux au d\u00e9veloppement professionnel des salari\u00e9s par la formation continue.","robots":{"index":"index","follow":"follow","max-snippet":"max-snippet:-1","max-image-preview":"max-image-preview:large","max-video-preview":"max-video-preview:-1"},"canonical":"https:\/\/iconcept-f.fr\/index.php\/2022\/05\/27\/sauveteur-secouriste-du-travail-un-dispositif-cle-au-sein-des-entreprises\/","og_locale":"fr_FR","og_type":"article","og_title":"Sauveteur Secouriste du Travail : un dispositif cl\u00e9 au sein des entreprises - IConcept Formation","og_description":"Sauveteur Secouriste du Travail \/ SST : dispositif cl\u00e9 au sein des entreprises. INRS et assurance maladie : acteurs principaux au d\u00e9veloppement professionnel des salari\u00e9s par la formation continue.","og_url":"https:\/\/iconcept-f.fr\/index.php\/2022\/05\/27\/sauveteur-secouriste-du-travail-un-dispositif-cle-au-sein-des-entreprises\/","og_site_name":"IConcept Formation","article_publisher":"https:\/\/www.facebook.com\/IConceptF","article_published_time":"2022-05-27T06:20:08+00:00","article_modified_time":"2022-05-27T06:25:44+00:00","og_image":[{"width":2560,"height":1858,"url":"https:\/\/iconcept-f.fr\/wp-content\/uploads\/2022\/02\/cpr-first-aid-training-concept-2021-08-27-00-01-47-utc-scaled.jpeg","type":"image\/jpeg"}],"author":"admin3915","twitter_card":"summary_large_image","twitter_misc":{"\u00c9crit par":"admin3915","Dur\u00e9e de lecture estim\u00e9e":"1 minute"},"schema":{"@context":"https:\/\/schema.org","@graph":[{"@type":"Article","@id":"https:\/\/iconcept-f.fr\/index.php\/2022\/05\/27\/sauveteur-secouriste-du-travail-un-dispositif-cle-au-sein-des-entreprises\/#article","isPartOf":{"@id":"https:\/\/iconcept-f.fr\/index.php\/2022\/05\/27\/sauveteur-secouriste-du-travail-un-dispositif-cle-au-sein-des-entreprises\/"},"author":{"name":"admin3915","@id":"https:\/\/iconcept-f.fr\/#\/schema\/person\/33e9f4e4a0a4deb792a02724131e5e5e"},"headline":"Sauveteur Secouriste du Travail : un dispositif cl\u00e9 au sein des entreprises","datePublished":"2022-05-27T06:20:08+00:00","dateModified":"2022-05-27T06:25:44+00:00","mainEntityOfPage":{"@id":"https:\/\/iconcept-f.fr\/index.php\/2022\/05\/27\/sauveteur-secouriste-du-travail-un-dispositif-cle-au-sein-des-entreprises\/"},"wordCount":94,"commentCount":0,"publisher":{"@id":"https:\/\/iconcept-f.fr\/#organization"},"image":{"@id":"https:\/\/iconcept-f.fr\/index.php\/2022\/05\/27\/sauveteur-secouriste-du-travail-un-dispositif-cle-au-sein-des-entreprises\/#primaryimage"},"thumbnailUrl":"https:\/\/iconcept-f.fr\/wp-content\/uploads\/2022\/02\/cpr-first-aid-training-concept-2021-08-27-00-01-47-utc-scaled.jpeg","articleSection":["News"],"inLanguage":"fr-FR","potentialAction":[{"@type":"CommentAction","name":"Comment","target":["https:\/\/iconcept-f.fr\/index.php\/2022\/05\/27\/sauveteur-secouriste-du-travail-un-dispositif-cle-au-sein-des-entreprises\/#respond"]}]},{"@type":"WebPage","@id":"https:\/\/iconcept-f.fr\/index.php\/2022\/05\/27\/sauveteur-secouriste-du-travail-un-dispositif-cle-au-sein-des-entreprises\/","url":"https:\/\/iconcept-f.fr\/index.php\/2022\/05\/27\/sauveteur-secouriste-du-travail-un-dispositif-cle-au-sein-des-entreprises\/","name":"Sauveteur Secouriste du Travail : un dispositif cl\u00e9 au sein des entreprises - IConcept Formation","isPartOf":{"@id":"https:\/\/iconcept-f.fr\/#website"},"primaryImageOfPage":{"@id":"https:\/\/iconcept-f.fr\/index.php\/2022\/05\/27\/sauveteur-secouriste-du-travail-un-dispositif-cle-au-sein-des-entreprises\/#primaryimage"},"image":{"@id":"https:\/\/iconcept-f.fr\/index.php\/2022\/05\/27\/sauveteur-secouriste-du-travail-un-dispositif-cle-au-sein-des-entreprises\/#primaryimage"},"thumbnailUrl":"https:\/\/iconcept-f.fr\/wp-content\/uploads\/2022\/02\/cpr-first-aid-training-concept-2021-08-27-00-01-47-utc-scaled.jpeg","datePublished":"2022-05-27T06:20:08+00:00","dateModified":"2022-05-27T06:25:44+00:00","description":"Sauveteur Secouriste du Travail \/ SST : dispositif cl\u00e9 au sein des entreprises. INRS et assurance maladie : acteurs principaux au d\u00e9veloppement professionnel des salari\u00e9s par la formation continue.","breadcrumb":{"@id":"https:\/\/iconcept-f.fr\/index.php\/2022\/05\/27\/sauveteur-secouriste-du-travail-un-dispositif-cle-au-sein-des-entreprises\/#breadcrumb"},"inLanguage":"fr-FR","potentialAction":[{"@type":"ReadAction","target":["https:\/\/iconcept-f.fr\/index.php\/2022\/05\/27\/sauveteur-secouriste-du-travail-un-dispositif-cle-au-sein-des-entreprises\/"]}]},{"@type":"ImageObject","inLanguage":"fr-FR","@id":"https:\/\/iconcept-f.fr\/index.php\/2022\/05\/27\/sauveteur-secouriste-du-travail-un-dispositif-cle-au-sein-des-entreprises\/#primaryimage","url":"https:\/\/iconcept-f.fr\/wp-content\/uploads\/2022\/02\/cpr-first-aid-training-concept-2021-08-27-00-01-47-utc-scaled.jpeg","contentUrl":"https:\/\/iconcept-f.fr\/wp-content\/uploads\/2022\/02\/cpr-first-aid-training-concept-2021-08-27-00-01-47-utc-scaled.jpeg","width":2560,"height":1858,"caption":"CPR First Aid Training Concept"},{"@type":"BreadcrumbList","@id":"https:\/\/iconcept-f.fr\/index.php\/2022\/05\/27\/sauveteur-secouriste-du-travail-un-dispositif-cle-au-sein-des-entreprises\/#breadcrumb","itemListElement":[{"@type":"ListItem","position":1,"name":"Accueil","item":"https:\/\/iconcept-f.fr\/"},{"@type":"ListItem","position":2,"name":"Sauveteur Secouriste du Travail : un dispositif cl\u00e9 au sein des entreprises"}]},{"@type":"WebSite","@id":"https:\/\/iconcept-f.fr\/#website","url":"https:\/\/iconcept-f.fr\/","name":"IConcept Formation","description":"Expertise et formation","publisher":{"@id":"https:\/\/iconcept-f.fr\/#organization"},"potentialAction":[{"@type":"SearchAction","target":{"@type":"EntryPoint","urlTemplate":"https:\/\/iconcept-f.fr\/?s={search_term_string}"},"query-input":{"@type":"PropertyValueSpecification","valueRequired":true,"valueName":"search_term_string"}}],"inLanguage":"fr-FR"},{"@type":"Organization","@id":"https:\/\/iconcept-f.fr\/#organization","name":"Ing\u00e9ni\u00e9rie Concept Formation","url":"https:\/\/iconcept-f.fr\/","logo":{"@type":"ImageObject","inLanguage":"fr-FR","@id":"https:\/\/iconcept-f.fr\/#\/schema\/logo\/image\/","url":"http:\/\/iconcept-f.fr\/wp-content\/uploads\/2022\/02\/logo-print-hdwithout-text.jpg","contentUrl":"http:\/\/iconcept-f.fr\/wp-content\/uploads\/2022\/02\/logo-print-hdwithout-text.jpg","width":1320,"height":1300,"caption":"Ing\u00e9ni\u00e9rie Concept Formation"},"image":{"@id":"https:\/\/iconcept-f.fr\/#\/schema\/logo\/image\/"},"sameAs":["https:\/\/www.facebook.com\/IConceptF"]},{"@type":"Person","@id":"https:\/\/iconcept-f.fr\/#\/schema\/person\/33e9f4e4a0a4deb792a02724131e5e5e","name":"admin3915","image":{"@type":"ImageObject","inLanguage":"fr-FR","@id":"https:\/\/iconcept-f.fr\/#\/schema\/person\/image\/","url":"https:\/\/secure.gravatar.com\/avatar\/1971bbf4e8f753884156c1ae425c275bf1d87c39a40bef4c536937c60b92a53d?s=96&d=mm&r=g","contentUrl":"https:\/\/secure.gravatar.com\/avatar\/1971bbf4e8f753884156c1ae425c275bf1d87c39a40bef4c536937c60b92a53d?s=96&d=mm&r=g","caption":"admin3915"},"sameAs":["http:\/\/iconcept-f.fr"],"url":"https:\/\/iconcept-f.fr\/index.php\/author\/admin3915\/"}]}},"_links":{"self":[{"href":"https:\/\/iconcept-f.fr\/index.php\/wp-json\/wp\/v2\/posts\/957","targetHints":{"allow":["GET"]}}],"collection":[{"href":"https:\/\/iconcept-f.fr\/index.php\/wp-json\/wp\/v2\/posts"}],"about":[{"href":"https:\/\/iconcept-f.fr\/index.php\/wp-json\/wp\/v2\/types\/post"}],"author":[{"embeddable":true,"href":"https:\/\/iconcept-f.fr\/index.php\/wp-json\/wp\/v2\/users\/1"}],"replies":[{"embeddable":true,"href":"https:\/\/iconcept-f.fr\/index.php\/wp-json\/wp\/v2\/comments?post=957"}],"version-history":[{"count":1,"href":"https:\/\/iconcept-f.fr\/index.php\/wp-json\/wp\/v2\/posts\/957\/revisions"}],"predecessor-version":[{"id":958,"href":"https:\/\/iconcept-f.fr\/index.php\/wp-json\/wp\/v2\/posts\/957\/revisions\/958"}],"wp:featuredmedia":[{"embeddable":true,"href":"https:\/\/iconcept-f.fr\/index.php\/wp-json\/wp\/v2\/media\/649"}],"wp:attachment":[{"href":"https:\/\/iconcept-f.fr\/index.php\/wp-json\/wp\/v2\/media?parent=957"}],"wp:term":[{"taxonomy":"category","embeddable":true,"href":"https:\/\/iconcept-f.fr\/index.php\/wp-json\/wp\/v2\/categories?post=957"},{"taxonomy":"post_tag","embeddable":true,"href":"https:\/\/iconcept-f.fr\/index.php\/wp-json\/wp\/v2\/tags?post=957"}],"curies":[{"name":"wp","href":"https:\/\/api.w.org\/{rel}","templated":true}]}}